{"id":1286,"date":"2022-05-03T20:48:28","date_gmt":"2022-05-03T18:48:28","guid":{"rendered":"https:\/\/p-fh.de\/wordpress\/?p=1286"},"modified":"2022-05-03T20:55:57","modified_gmt":"2022-05-03T18:55:57","slug":"bayerbach","status":"publish","type":"post","link":"https:\/\/p-fh.de\/wordpress\/bayerbach\/","title":{"rendered":"Vitalcamp Bayerbach"},"content":{"rendered":"<p>Wir fahren am 27.07.21 nach einem sch\u00f6nen Fr\u00fchst\u00fcck mit frischen Br\u00f6tchen in Marquardtstein los in Richtung Passau. Dort in der N\u00e4he haben wir f\u00fcr 4 Tage einen Platz auf dem tollen Campingplatz Vitalcamp Bayerbach.<\/p>\n<p><img decoding=\"async\" loading=\"lazy\" class=\"aligncenter size-large wp-image-425\" src=\"https:\/\/p-fh.de\/wordpress\/wp-content\/uploads\/2021\/08\/IMG_3283-1024x768.jpg\" alt=\"\" width=\"780\" height=\"585\" srcset=\"https:\/\/p-fh.de\/wordpress\/wp-content\/uploads\/2021\/08\/IMG_3283-1024x768.jpg 1024w, https:\/\/p-fh.de\/wordpress\/wp-content\/uploads\/2021\/08\/IMG_3283-300x225.jpg 300w, https:\/\/p-fh.de\/wordpress\/wp-content\/uploads\/2021\/08\/IMG_3283-768x576.jpg 768w, https:\/\/p-fh.de\/wordpress\/wp-content\/uploads\/2021\/08\/IMG_3283-1536x1152.jpg 1536w, https:\/\/p-fh.de\/wordpress\/wp-content\/uploads\/2021\/08\/IMG_3283-2048x1536.jpg 2048w, https:\/\/p-fh.de\/wordpress\/wp-content\/uploads\/2021\/08\/IMG_3283-1200x900.jpg 1200w, https:\/\/p-fh.de\/wordpress\/wp-content\/uploads\/2021\/08\/IMG_3283-1980x1485.jpg 1980w\" sizes=\"(max-width: 780px) 100vw, 780px\" \/> <img decoding=\"async\" loading=\"lazy\" class=\"aligncenter size-large wp-image-423\" src=\"https:\/\/p-fh.de\/wordpress\/wp-content\/uploads\/2021\/08\/IMG_3281-1024x768.jpg\" alt=\"\" width=\"780\" height=\"585\" srcset=\"https:\/\/p-fh.de\/wordpress\/wp-content\/uploads\/2021\/08\/IMG_3281-1024x768.jpg 1024w, https:\/\/p-fh.de\/wordpress\/wp-content\/uploads\/2021\/08\/IMG_3281-300x225.jpg 300w, https:\/\/p-fh.de\/wordpress\/wp-content\/uploads\/2021\/08\/IMG_3281-768x576.jpg 768w, https:\/\/p-fh.de\/wordpress\/wp-content\/uploads\/2021\/08\/IMG_3281-1536x1152.jpg 1536w, https:\/\/p-fh.de\/wordpress\/wp-content\/uploads\/2021\/08\/IMG_3281-2048x1536.jpg 2048w, https:\/\/p-fh.de\/wordpress\/wp-content\/uploads\/2021\/08\/IMG_3281-1200x900.jpg 1200w, https:\/\/p-fh.de\/wordpress\/wp-content\/uploads\/2021\/08\/IMG_3281-1980x1485.jpg 1980w\" sizes=\"(max-width: 780px) 100vw, 780px\" \/> <img decoding=\"async\" loading=\"lazy\" class=\"aligncenter size-large wp-image-427\" src=\"https:\/\/p-fh.de\/wordpress\/wp-content\/uploads\/2021\/08\/IMG_3285-1024x768.jpg\" alt=\"\" width=\"780\" height=\"585\" srcset=\"https:\/\/p-fh.de\/wordpress\/wp-content\/uploads\/2021\/08\/IMG_3285-1024x768.jpg 1024w, https:\/\/p-fh.de\/wordpress\/wp-content\/uploads\/2021\/08\/IMG_3285-300x225.jpg 300w, https:\/\/p-fh.de\/wordpress\/wp-content\/uploads\/2021\/08\/IMG_3285-768x576.jpg 768w, https:\/\/p-fh.de\/wordpress\/wp-content\/uploads\/2021\/08\/IMG_3285-1536x1152.jpg 1536w, https:\/\/p-fh.de\/wordpress\/wp-content\/uploads\/2021\/08\/IMG_3285-2048x1536.jpg 2048w, https:\/\/p-fh.de\/wordpress\/wp-content\/uploads\/2021\/08\/IMG_3285-1200x900.jpg 1200w, https:\/\/p-fh.de\/wordpress\/wp-content\/uploads\/2021\/08\/IMG_3285-1980x1485.jpg 1980w\" sizes=\"(max-width: 780px) 100vw, 780px\" \/> <img decoding=\"async\" loading=\"lazy\" class=\"aligncenter size-large wp-image-433\" src=\"https:\/\/p-fh.de\/wordpress\/wp-content\/uploads\/2021\/08\/IMG_3291-1024x768.jpg\" alt=\"\" width=\"780\" height=\"585\" srcset=\"https:\/\/p-fh.de\/wordpress\/wp-content\/uploads\/2021\/08\/IMG_3291-1024x768.jpg 1024w, https:\/\/p-fh.de\/wordpress\/wp-content\/uploads\/2021\/08\/IMG_3291-300x225.jpg 300w, https:\/\/p-fh.de\/wordpress\/wp-content\/uploads\/2021\/08\/IMG_3291-768x576.jpg 768w, https:\/\/p-fh.de\/wordpress\/wp-content\/uploads\/2021\/08\/IMG_3291-1536x1152.jpg 1536w, https:\/\/p-fh.de\/wordpress\/wp-content\/uploads\/2021\/08\/IMG_3291-2048x1536.jpg 2048w, https:\/\/p-fh.de\/wordpress\/wp-content\/uploads\/2021\/08\/IMG_3291-1200x900.jpg 1200w, https:\/\/p-fh.de\/wordpress\/wp-content\/uploads\/2021\/08\/IMG_3291-1980x1485.jpg 1980w\" sizes=\"(max-width: 780px) 100vw, 780px\" \/> <img decoding=\"async\" loading=\"lazy\" class=\"aligncenter size-large wp-image-440\" src=\"https:\/\/p-fh.de\/wordpress\/wp-content\/uploads\/2021\/08\/IMG_3305-768x1024.jpg\" alt=\"\" width=\"768\" height=\"1024\" srcset=\"https:\/\/p-fh.de\/wordpress\/wp-content\/uploads\/2021\/08\/IMG_3305-768x1024.jpg 768w, https:\/\/p-fh.de\/wordpress\/wp-content\/uploads\/2021\/08\/IMG_3305-225x300.jpg 225w, https:\/\/p-fh.de\/wordpress\/wp-content\/uploads\/2021\/08\/IMG_3305-1152x1536.jpg 1152w, https:\/\/p-fh.de\/wordpress\/wp-content\/uploads\/2021\/08\/IMG_3305-1536x2048.jpg 1536w, https:\/\/p-fh.de\/wordpress\/wp-content\/uploads\/2021\/08\/IMG_3305-1200x1600.jpg 1200w, https:\/\/p-fh.de\/wordpress\/wp-content\/uploads\/2021\/08\/IMG_3305-1980x2640.jpg 1980w, https:\/\/p-fh.de\/wordpress\/wp-content\/uploads\/2021\/08\/IMG_3305-scaled.jpg 1920w\" sizes=\"(max-width: 768px) 100vw, 768px\" \/> <img decoding=\"async\" loading=\"lazy\" class=\"aligncenter size-large wp-image-446\" src=\"https:\/\/p-fh.de\/wordpress\/wp-content\/uploads\/2021\/08\/IMG_3312-768x1024.jpg\" alt=\"\" width=\"768\" height=\"1024\" srcset=\"https:\/\/p-fh.de\/wordpress\/wp-content\/uploads\/2021\/08\/IMG_3312-768x1024.jpg 768w, https:\/\/p-fh.de\/wordpress\/wp-content\/uploads\/2021\/08\/IMG_3312-225x300.jpg 225w, https:\/\/p-fh.de\/wordpress\/wp-content\/uploads\/2021\/08\/IMG_3312-1152x1536.jpg 1152w, https:\/\/p-fh.de\/wordpress\/wp-content\/uploads\/2021\/08\/IMG_3312-1536x2048.jpg 1536w, https:\/\/p-fh.de\/wordpress\/wp-content\/uploads\/2021\/08\/IMG_3312-1200x1600.jpg 1200w, https:\/\/p-fh.de\/wordpress\/wp-content\/uploads\/2021\/08\/IMG_3312-1980x2640.jpg 1980w, https:\/\/p-fh.de\/wordpress\/wp-content\/uploads\/2021\/08\/IMG_3312-scaled.jpg 1920w\" sizes=\"(max-width: 768px) 100vw, 768px\" \/><\/p>\n<p>Das Camp ist super ausgestattet und die Komfort-Pl\u00e4tze haben alles, was man braucht.<\/p>\n","protected":false},"excerpt":{"rendered":"<p>Wir fahren am 27.07.21 nach einem sch\u00f6nen Fr\u00fchst\u00fcck mit frischen Br\u00f6tchen in Marquardtstein los in Richtung Passau. Dort in der N\u00e4he haben wir f\u00fcr 4 Tage einen Platz auf dem tollen Campingplatz Vitalcamp Bayerbach. Das Camp ist super ausgestattet und die Komfort-Pl\u00e4tze haben alles, was man braucht.<\/p>\n","protected":false},"author":1,"featured_media":475,"comment_status":"open","ping_status":"open","sticky":false,"template":"","format":"standard","meta":[],"categories":[1],"tags":[],"_links":{"self":[{"href":"https:\/\/p-fh.de\/wordpress\/wp-json\/wp\/v2\/posts\/1286"}],"collection":[{"href":"https:\/\/p-fh.de\/wordpress\/wp-json\/wp\/v2\/posts"}],"about":[{"href":"https:\/\/p-fh.de\/wordpress\/wp-json\/wp\/v2\/types\/post"}],"author":[{"embeddable":true,"href":"https:\/\/p-fh.de\/wordpress\/wp-json\/wp\/v2\/users\/1"}],"replies":[{"embeddable":true,"href":"https:\/\/p-fh.de\/wordpress\/wp-json\/wp\/v2\/comments?post=1286"}],"version-history":[{"count":3,"href":"https:\/\/p-fh.de\/wordpress\/wp-json\/wp\/v2\/posts\/1286\/revisions"}],"predecessor-version":[{"id":1289,"href":"https:\/\/p-fh.de\/wordpress\/wp-json\/wp\/v2\/posts\/1286\/revisions\/1289"}],"wp:featuredmedia":[{"embeddable":true,"href":"https:\/\/p-fh.de\/wordpress\/wp-json\/wp\/v2\/media\/475"}],"wp:attachment":[{"href":"https:\/\/p-fh.de\/wordpress\/wp-json\/wp\/v2\/media?parent=1286"}],"wp:term":[{"taxonomy":"category","embeddable":true,"href":"https:\/\/p-fh.de\/wordpress\/wp-json\/wp\/v2\/categories?post=1286"},{"taxonomy":"post_tag","embeddable":true,"href":"https:\/\/p-fh.de\/wordpress\/wp-json\/wp\/v2\/tags?post=1286"}],"curies":[{"name":"wp","href":"https:\/\/api.w.org\/{rel}","templated":true}]}}